{"id":186476,"date":"2015-01-18T09:20:29","date_gmt":"2015-01-18T12:20:29","guid":{"rendered":"http:\/\/www.lavras24horas.com.br\/portal\/?p=186476"},"modified":"2015-01-18T11:22:15","modified_gmt":"2015-01-18T14:22:15","slug":"duplo-homicidio-no-rosario-distrito-de-itumirim-homens-sao-mortos-a-facadas","status":"publish","type":"post","link":"https:\/\/www.lavras24horas.com.br\/portal\/duplo-homicidio-no-rosario-distrito-de-itumirim-homens-sao-mortos-a-facadas\/","title":{"rendered":"Duplo homic\u00eddio no Ros\u00e1rio, distrito de Itumirim: menor e homem s\u00e3o mortos a facadas"},"content":{"rendered":"<figure id=\"attachment_45640\" aria-describedby=\"caption-attachment-45640\" style=\"width: 320px\" class=\"wp-caption aligncenter\"><a href=\"https:\/\/i0.wp.com\/www.lavras24horas.com.br\/portal\/wp-content\/uploads\/2010\/09\/facada4.jpg\"><img data-recalc-dims=\"1\" fetchpriority=\"high\" decoding=\"async\" src=\"https:\/\/i0.wp.com\/www.lavras24horas.com.br\/portal\/wp-content\/uploads\/2010\/09\/facada4.jpg?resize=320%2C240\" alt=\"Imagem Ilustrativa\" width=\"320\" height=\"240\" class=\"size-full wp-image-45640\" \/><\/a><figcaption id=\"caption-attachment-45640\" class=\"wp-caption-text\">Imagem Ilustrativa<\/figcaption><\/figure>\n<p>Na madrugada deste domingo(18) no Ros\u00e1rio, distrito de Itumirim, durante uma festa de carnaval antecipada, uma briga generalizada resultou na morte de um menor e de um homem.<\/p>\n<p>Segundo as primeiras informa\u00e7\u00f5es, as v\u00edtimas de 17 e 30 anos  foram atingidas com uma facada cada, sendo que um os golpes atingiram as art\u00e9rias da coxa e da virilha, provocando intenso sangramento e hemorragia.Eles chegaram a ser socorridos e encaminhados para a Unidade Regional de Pronto Atendimento de Lavras ( URPA), mas morreram.<\/p>\n<p>Os corpos foram encaminhados para o Instituto M\u00e9dico Legal de Lavras (IML). A per\u00edcia t\u00e9cnica da 1\u00aa Delegacia Regional de Pol\u00edcia Civil de Lavras esteve no local, e o delegado de plant\u00e3o neste momento est\u00e1 ouvindo as testemunhas.<\/p>\n<p>As vitimas eram de Macuco e de Itumirim.<\/p>\n<p>Mais informa\u00e7\u00f5es a qualquer momento em nosso portal. <\/p>\n","protected":false},"excerpt":{"rendered":"<p>Na madrugada deste domingo(18) no Ros\u00e1rio, distrito de Itumirim, durante uma festa de carnaval antecipada, uma briga generalizada resultou na morte de um menor e de um homem. Segundo as primeiras informa\u00e7\u00f5es, as v\u00edtimas de 17 e 30 anos foram atingidas com uma facada cada, sendo que um os golpes atingiram as art\u00e9rias da coxa [&hellip;]<\/p>\n","protected":false},"author":7,"featured_media":44275,"comment_status":"closed","ping_status":"closed","sticky":false,"template":"","format":"standard","meta":{"advanced_seo_description":"","jetpack_seo_html_title":"","jetpack_seo_noindex":false,"_jetpack_memberships_contains_paid_content":false,"footnotes":""},"categories":[14],"tags":[1186,9229,1503,2137,1127,1162,1675,543,4853,462],"class_list":["post-186476","post","type-post","status-publish","format-standard","has-post-thumbnail","hentry","category-destaques-2","tag-distrito","tag-duplo","tag-facadas","tag-homens","tag-homicidio","tag-itumirim","tag-mortos","tag-no","tag-rosario","tag-sao"],"jetpack_featured_media_url":"","jetpack_sharing_enabled":true,"jetpack_likes_enabled":true,"jetpack_shortlink":"https:\/\/wp.me\/p12djN-MvG","_links":{"self":[{"href":"https:\/\/www.lavras24horas.com.br\/portal\/wp-json\/wp\/v2\/posts\/186476","targetHints":{"allow":["GET"]}}],"collection":[{"href":"https:\/\/www.lavras24horas.com.br\/portal\/wp-json\/wp\/v2\/posts"}],"about":[{"href":"https:\/\/www.lavras24horas.com.br\/portal\/wp-json\/wp\/v2\/types\/post"}],"author":[{"embeddable":true,"href":"https:\/\/www.lavras24horas.com.br\/portal\/wp-json\/wp\/v2\/users\/7"}],"replies":[{"embeddable":true,"href":"https:\/\/www.lavras24horas.com.br\/portal\/wp-json\/wp\/v2\/comments?post=186476"}],"version-history":[{"count":0,"href":"https:\/\/www.lavras24horas.com.br\/portal\/wp-json\/wp\/v2\/posts\/186476\/revisions"}],"wp:featuredmedia":[{"embeddable":true,"href":"https:\/\/www.lavras24horas.com.br\/portal\/wp-json\/"}],"wp:attachment":[{"href":"https:\/\/www.lavras24horas.com.br\/portal\/wp-json\/wp\/v2\/media?parent=186476"}],"wp:term":[{"taxonomy":"category","embeddable":true,"href":"https:\/\/www.lavras24horas.com.br\/portal\/wp-json\/wp\/v2\/categories?post=186476"},{"taxonomy":"post_tag","embeddable":true,"href":"https:\/\/www.lavras24horas.com.br\/portal\/wp-json\/wp\/v2\/tags?post=186476"}],"curies":[{"name":"wp","href":"https:\/\/api.w.org\/{rel}","templated":true}]}}