{"id":186292,"date":"2015-01-13T22:22:56","date_gmt":"2015-01-14T01:22:56","guid":{"rendered":"http:\/\/www.lavras24horas.com.br\/portal\/?p=186292"},"modified":"2015-01-14T07:32:23","modified_gmt":"2015-01-14T10:32:23","slug":"homicidio-em-nazareno-homem-e-executado-na-porta-de-casa-no-centro-da-cidade","status":"publish","type":"post","link":"https:\/\/www.lavras24horas.com.br\/portal\/homicidio-em-nazareno-homem-e-executado-na-porta-de-casa-no-centro-da-cidade\/","title":{"rendered":"Homic\u00eddio em Nazareno: homem \u00e9 executado na porta de casa no centro da cidade"},"content":{"rendered":"<p><a href=\"https:\/\/i0.wp.com\/www.lavras24horas.com.br\/portal\/wp-content\/uploads\/2013\/08\/assalto_arma_revolver_sequestro_roubo.jpg\"><img data-recalc-dims=\"1\" fetchpriority=\"high\" decoding=\"async\" class=\"aligncenter size-full wp-image-158007\" src=\"https:\/\/i0.wp.com\/www.lavras24horas.com.br\/portal\/wp-content\/uploads\/2013\/08\/assalto_arma_revolver_sequestro_roubo.jpg?resize=400%2C283\" alt=\"assalto_arma_revolver_sequestro_roubo\" width=\"400\" height=\"283\" \/><\/a><\/p>\n<p>Por volta das 14h30 desta ter\u00e7a-feira (13), um homem de aparentemente 45 anos foi morto com 4 tiros na porta de sua resid\u00eancia, no Centro da cidade de Nazareno (MG).<\/p>\n<p>De acordo com informa\u00e7\u00f5es da Pol\u00edcia Militar, a v\u00edtima conhecida naquela cidade como &#8220;Vand\u00e3o&#8221;, foi surpreendida por um homem armado com capacete na cabe\u00e7a, ele estava em uma caminhonete prata e usou o capacete para esconder o rosto. O assassino deu 4 tiros em Vand\u00e3o, sendo que 2 atingiram o rosto, um atingiu o pesco\u00e7o e outro as costas.Ele morreu no local.<\/p>\n<p>A suspeita \u00e9 de que o crime possa ter sido uma execu\u00e7\u00e3o ou acerto de contas. A v\u00edtima que era dono de um moto t\u00e1xi, j\u00e1 teve passagens pela pol\u00edcia. Ap\u00f3s o crime, o bandido e um comparsa que dirigia o autom\u00f3vel fugiram. A PM consultou a placa do ve\u00edculo e constatou que a mesma \u00e9 &#8220;clonada&#8221;, pois n\u00e3o corresponde a descri\u00e7\u00e3o do carro.<\/p>\n<p>Este foi o primeiro homic\u00eddio do ano em Nazareno e a aud\u00e1cia e frieza dos criminosos deixaram os moradores da pequena cidade com pouco mais de 8 mil habitantes muito assustada. Alguns leitores do Lavras 24 horas chegaram a entrar em contato com nossos rep\u00f3rteres, informando do ocorrido e descrevendo a cena que presenciaram.<\/p>\n","protected":false},"excerpt":{"rendered":"<p>Por volta das 14h30 desta ter\u00e7a-feira (13), um homem de aparentemente 45 anos foi morto com 4 tiros na porta de sua resid\u00eancia, no Centro da cidade de Nazareno (MG). De acordo com informa\u00e7\u00f5es da Pol\u00edcia Militar, a v\u00edtima conhecida naquela cidade como &#8220;Vand\u00e3o&#8221;, foi surpreendida por um homem armado com capacete na cabe\u00e7a, ele [&hellip;]<\/p>\n","protected":false},"author":7,"featured_media":122310,"comment_status":"closed","ping_status":"closed","sticky":false,"template":"","format":"standard","meta":{"advanced_seo_description":"","jetpack_seo_html_title":"","jetpack_seo_noindex":false,"_jetpack_memberships_contains_paid_content":false,"footnotes":""},"categories":[1],"tags":[834,292,555,454,5154,602,1127,506,7267,543,5446],"class_list":["post-186292","post","type-post","status-publish","format-standard","has-post-thumbnail","hentry","category-sem-categoria","tag-casa","tag-centro","tag-cidade","tag-e","tag-executado","tag-homem","tag-homicidio","tag-na","tag-nazareno","tag-no","tag-porta"],"jetpack_featured_media_url":"","jetpack_sharing_enabled":true,"jetpack_likes_enabled":true,"_links":{"self":[{"href":"https:\/\/www.lavras24horas.com.br\/portal\/wp-json\/wp\/v2\/posts\/186292","targetHints":{"allow":["GET"]}}],"collection":[{"href":"https:\/\/www.lavras24horas.com.br\/portal\/wp-json\/wp\/v2\/posts"}],"about":[{"href":"https:\/\/www.lavras24horas.com.br\/portal\/wp-json\/wp\/v2\/types\/post"}],"author":[{"embeddable":true,"href":"https:\/\/www.lavras24horas.com.br\/portal\/wp-json\/wp\/v2\/users\/7"}],"replies":[{"embeddable":true,"href":"https:\/\/www.lavras24horas.com.br\/portal\/wp-json\/wp\/v2\/comments?post=186292"}],"version-history":[{"count":0,"href":"https:\/\/www.lavras24horas.com.br\/portal\/wp-json\/wp\/v2\/posts\/186292\/revisions"}],"wp:featuredmedia":[{"embeddable":true,"href":"https:\/\/www.lavras24horas.com.br\/portal\/wp-json\/"}],"wp:attachment":[{"href":"https:\/\/www.lavras24horas.com.br\/portal\/wp-json\/wp\/v2\/media?parent=186292"}],"wp:term":[{"taxonomy":"category","embeddable":true,"href":"https:\/\/www.lavras24horas.com.br\/portal\/wp-json\/wp\/v2\/categories?post=186292"},{"taxonomy":"post_tag","embeddable":true,"href":"https:\/\/www.lavras24horas.com.br\/portal\/wp-json\/wp\/v2\/tags?post=186292"}],"curies":[{"name":"wp","href":"https:\/\/api.w.org\/{rel}","templated":true}]}}