{"id":186201,"date":"2015-01-11T22:13:48","date_gmt":"2015-01-12T01:13:48","guid":{"rendered":"http:\/\/www.lavras24horas.com.br\/portal\/?p=186201"},"modified":"2015-01-11T22:13:48","modified_gmt":"2015-01-12T01:13:48","slug":"mais-informacoes-sobre-o-primeiro-homicidio-deste-ano-em-lavras","status":"publish","type":"post","link":"https:\/\/www.lavras24horas.com.br\/portal\/mais-informacoes-sobre-o-primeiro-homicidio-deste-ano-em-lavras\/","title":{"rendered":"Mais informa\u00e7\u00f5es sobre o primeiro homic\u00eddio deste ano  em Lavras"},"content":{"rendered":"<figure id=\"attachment_186202\" aria-describedby=\"caption-attachment-186202\" style=\"width: 330px\" class=\"wp-caption aligncenter\"><a href=\"https:\/\/i0.wp.com\/www.lavras24horas.com.br\/portal\/wp-content\/uploads\/2015\/01\/10426137_847715031919474_5496614444967066856_n.jpg\"><img data-recalc-dims=\"1\" fetchpriority=\"high\" decoding=\"async\" data-attachment-id=\"186202\" data-permalink=\"https:\/\/www.lavras24horas.com.br\/portal\/mais-informacoes-sobre-o-primeiro-homicidio-deste-ano-em-lavras\/10426137_847715031919474_5496614444967066856_n\/\" data-orig-file=\"https:\/\/i0.wp.com\/www.lavras24horas.com.br\/portal\/wp-content\/uploads\/2015\/01\/10426137_847715031919474_5496614444967066856_n.jpg?fit=720%2C720&amp;ssl=1\" data-orig-size=\"720,720\" data-comments-opened=\"0\" data-image-meta=\"{&quot;aperture&quot;:&quot;0&quot;,&quot;credit&quot;:&quot;&quot;,&quot;camera&quot;:&quot;&quot;,&quot;caption&quot;:&quot;&quot;,&quot;created_timestamp&quot;:&quot;0&quot;,&quot;copyright&quot;:&quot;&quot;,&quot;focal_length&quot;:&quot;0&quot;,&quot;iso&quot;:&quot;0&quot;,&quot;shutter_speed&quot;:&quot;0&quot;,&quot;title&quot;:&quot;&quot;,&quot;orientation&quot;:&quot;0&quot;}\" data-image-title=\"10426137_847715031919474_5496614444967066856_n\" data-image-description=\"\" data-image-caption=\"&lt;p&gt;Cristiane de Souza Amaro, de 39 anos n\u00e3o teve chance de defesa (Foto extra\u00edda do seu perfil no Facebook)&lt;\/p&gt;\n\" data-large-file=\"https:\/\/i0.wp.com\/www.lavras24horas.com.br\/portal\/wp-content\/uploads\/2015\/01\/10426137_847715031919474_5496614444967066856_n.jpg?fit=330%2C330&amp;ssl=1\" src=\"https:\/\/i0.wp.com\/www.lavras24horas.com.br\/portal\/wp-content\/uploads\/2015\/01\/10426137_847715031919474_5496614444967066856_n-330x330.jpg?resize=330%2C330\" alt=\"Cristiane de Souza Amaro, de 39 anos n\u00e3o teve chance de defesa (Foto extra\u00edda do seu perfil no Facebook)\" width=\"330\" height=\"330\" class=\"size-large wp-image-186202\" srcset=\"https:\/\/i0.wp.com\/www.lavras24horas.com.br\/portal\/wp-content\/uploads\/2015\/01\/10426137_847715031919474_5496614444967066856_n.jpg?resize=330%2C330&amp;ssl=1 330w, https:\/\/i0.wp.com\/www.lavras24horas.com.br\/portal\/wp-content\/uploads\/2015\/01\/10426137_847715031919474_5496614444967066856_n.jpg?w=720&amp;ssl=1 720w\" sizes=\"(max-width: 330px) 100vw, 330px\" \/><\/a><figcaption id=\"caption-attachment-186202\" class=\"wp-caption-text\">Cristiane de Souza Amaro, de 39 anos n\u00e3o teve chance de defesa (Foto extra\u00edda do seu perfil no Facebook)<\/figcaption><\/figure>\n<p>O primeiro homic\u00eddio de Lavras ocorreu no Bairro Vila Murad, no in\u00edcio da noite deste domingo (11) .<\/p>\n<p>Segundo testemunhas que estavam no local conhecido como &#8220;Recanto do Juruna&#8221;, a v\u00edtima estava acompanhada de seu marido sentada em uma mesa. A autora do homic\u00eddio, uma mulher, de 50 anos, tamb\u00e9m estava no local acompanhada do seu esposo, fazendo o uso de bebida alco\u00f3lica  e teria ficado com ci\u00fames de Cristiane. <\/p>\n<p>A mulher chegou a provocar Cristiane. O marido da autora ent\u00e3o revolveu lev\u00e1-la para casa. Depois de um tempo a mulher retornou ao bar e tirou da bolsa uma faca e atingiu a v\u00edtima no peito sem chance de defesa.<\/p>\n<p>Cristiane chegou a ser socorrida pelo Corpo de Bombeiros at\u00e9 a Unidade Regional de Pronto Atendimento (URPA), onde j\u00e1 chegou sem vida.<\/p>\n<p>A autora do crime que ainda n\u00e3o teve seu nome revelado foi presa pela Pol\u00edcia Militar em casa e conduzida at\u00e9 a 1\u00aa Delegacia Regional de Pol\u00edcia Civil, onde presta depoimento neste momento ao delegado de plant\u00e3o Vitor Matsuoka.<\/p>\n","protected":false},"excerpt":{"rendered":"<p>O primeiro homic\u00eddio de Lavras ocorreu no Bairro Vila Murad, no in\u00edcio da noite deste domingo (11) . Segundo testemunhas que estavam no local conhecido como &#8220;Recanto do Juruna&#8221;, a v\u00edtima estava acompanhada de seu marido sentada em uma mesa. A autora do homic\u00eddio, uma mulher, de 50 anos, tamb\u00e9m estava no local acompanhada do [&hellip;]<\/p>\n","protected":false},"author":7,"featured_media":186202,"comment_status":"closed","ping_status":"closed","sticky":false,"template":"","format":"standard","meta":{"advanced_seo_description":"","jetpack_seo_html_title":"","jetpack_seo_noindex":false,"_jetpack_memberships_contains_paid_content":false,"footnotes":""},"categories":[13077,4],"tags":[1127,1364,169,814,593,900],"class_list":["post-186201","post","type-post","status-publish","format-standard","has-post-thumbnail","hentry","category-laterais-2","category-lavras","tag-homicidio","tag-informacoes","tag-lavras-2","tag-mais","tag-o","tag-primeiro"],"jetpack_featured_media_url":"https:\/\/i0.wp.com\/www.lavras24horas.com.br\/portal\/wp-content\/uploads\/2015\/01\/10426137_847715031919474_5496614444967066856_n.jpg?fit=720%2C720&ssl=1","jetpack_sharing_enabled":true,"jetpack_likes_enabled":true,"_links":{"self":[{"href":"https:\/\/www.lavras24horas.com.br\/portal\/wp-json\/wp\/v2\/posts\/186201","targetHints":{"allow":["GET"]}}],"collection":[{"href":"https:\/\/www.lavras24horas.com.br\/portal\/wp-json\/wp\/v2\/posts"}],"about":[{"href":"https:\/\/www.lavras24horas.com.br\/portal\/wp-json\/wp\/v2\/types\/post"}],"author":[{"embeddable":true,"href":"https:\/\/www.lavras24horas.com.br\/portal\/wp-json\/wp\/v2\/users\/7"}],"replies":[{"embeddable":true,"href":"https:\/\/www.lavras24horas.com.br\/portal\/wp-json\/wp\/v2\/comments?post=186201"}],"version-history":[{"count":0,"href":"https:\/\/www.lavras24horas.com.br\/portal\/wp-json\/wp\/v2\/posts\/186201\/revisions"}],"wp:featuredmedia":[{"embeddable":true,"href":"https:\/\/www.lavras24horas.com.br\/portal\/wp-json\/wp\/v2\/media\/186202"}],"wp:attachment":[{"href":"https:\/\/www.lavras24horas.com.br\/portal\/wp-json\/wp\/v2\/media?parent=186201"}],"wp:term":[{"taxonomy":"category","embeddable":true,"href":"https:\/\/www.lavras24horas.com.br\/portal\/wp-json\/wp\/v2\/categories?post=186201"},{"taxonomy":"post_tag","embeddable":true,"href":"https:\/\/www.lavras24horas.com.br\/portal\/wp-json\/wp\/v2\/tags?post=186201"}],"curies":[{"name":"wp","href":"https:\/\/api.w.org\/{rel}","templated":true}]}}