{"id":185908,"date":"2015-01-01T08:36:04","date_gmt":"2015-01-01T11:36:04","guid":{"rendered":"http:\/\/www.lavras24horas.com.br\/portal\/?p=185908"},"modified":"2015-01-01T08:50:41","modified_gmt":"2015-01-01T11:50:41","slug":"festa-de-reveillon-termina-em-tentativa-de-homicidio-em-luminarias","status":"publish","type":"post","link":"https:\/\/www.lavras24horas.com.br\/portal\/festa-de-reveillon-termina-em-tentativa-de-homicidio-em-luminarias\/","title":{"rendered":"Festa de R\u00e9veillon termina em tentativa de homic\u00eddio em Lumin\u00e1rias"},"content":{"rendered":"<p><a href=\"https:\/\/i0.wp.com\/www.lavras24horas.com.br\/portal\/wp-content\/uploads\/2014\/08\/plant%C3%A3o-2013.jpg\"><img data-recalc-dims=\"1\" fetchpriority=\"high\" decoding=\"async\" src=\"https:\/\/i0.wp.com\/www.lavras24horas.com.br\/portal\/wp-content\/uploads\/2014\/08\/plant%C3%A3o-2013.jpg?resize=496%2C267\" alt=\"plant\u00e3o-2013\" width=\"496\" height=\"267\" class=\"aligncenter size-full wp-image-178118\" \/><\/a><\/p>\n<p>O ano come\u00e7ou violento na regi\u00e3o de Lavras. Em Lumin\u00e1rias, a festa de R\u00e9veillon na Pra\u00e7a Nossa Senhora do Carmo, no centro da cidade, terminou em brigas e tentativa de homic\u00eddio.<\/p>\n<p>Segundo a Pol\u00edcia Militar, na primeira hora de 2015, um jovem  de 17 anos teria se irritado ap\u00f3s ter sido impedido de participar de um duelo de rimas de Funk, e de posse de um canivete atacou os participantes. Outro menor tamb\u00e9m de 17 anos, que tentou desarmar o rapaz foi atingido cerca de tr\u00eas vezes no abd\u00f4men e socorrido por populares at\u00e9 um Posto de Sa\u00fade daquela cidade.<\/p>\n<p>A v\u00edtima foi encaminhada para a Unidade Regional de Pronto Atendimento de Lavras (URPA), onde permanece internado, seu estado de sa\u00fade \u00e9 grave. J\u00e1 o menor infrator foi apreendido pela PM em casa, e confessou ter praticado o ato infracional. Ele foi encaminhado juntamento com um respons\u00e1vel  para a 1\u00aa Delegacia Regional de Pol\u00edcia Civil de Lavras. <\/p>\n","protected":false},"excerpt":{"rendered":"<p>O ano come\u00e7ou violento na regi\u00e3o de Lavras. Em Lumin\u00e1rias, a festa de R\u00e9veillon na Pra\u00e7a Nossa Senhora do Carmo, no centro da cidade, terminou em brigas e tentativa de homic\u00eddio. Segundo a Pol\u00edcia Militar, na primeira hora de 2015, um jovem de 17 anos teria se irritado ap\u00f3s ter sido impedido de participar de [&hellip;]<\/p>\n","protected":false},"author":7,"featured_media":180587,"comment_status":"closed","ping_status":"closed","sticky":false,"template":"","format":"standard","meta":{"advanced_seo_description":"","jetpack_seo_html_title":"","jetpack_seo_noindex":false,"_jetpack_memberships_contains_paid_content":false,"footnotes":""},"categories":[14],"tags":[314,1127,1369,8566,739,3708],"class_list":["post-185908","post","type-post","status-publish","format-standard","has-post-thumbnail","hentry","category-destaques-2","tag-festa","tag-homicidio","tag-luminarias","tag-reveillon","tag-tentativa","tag-termina"],"jetpack_featured_media_url":"","jetpack_sharing_enabled":true,"jetpack_likes_enabled":true,"_links":{"self":[{"href":"https:\/\/www.lavras24horas.com.br\/portal\/wp-json\/wp\/v2\/posts\/185908","targetHints":{"allow":["GET"]}}],"collection":[{"href":"https:\/\/www.lavras24horas.com.br\/portal\/wp-json\/wp\/v2\/posts"}],"about":[{"href":"https:\/\/www.lavras24horas.com.br\/portal\/wp-json\/wp\/v2\/types\/post"}],"author":[{"embeddable":true,"href":"https:\/\/www.lavras24horas.com.br\/portal\/wp-json\/wp\/v2\/users\/7"}],"replies":[{"embeddable":true,"href":"https:\/\/www.lavras24horas.com.br\/portal\/wp-json\/wp\/v2\/comments?post=185908"}],"version-history":[{"count":0,"href":"https:\/\/www.lavras24horas.com.br\/portal\/wp-json\/wp\/v2\/posts\/185908\/revisions"}],"wp:featuredmedia":[{"embeddable":true,"href":"https:\/\/www.lavras24horas.com.br\/portal\/wp-json\/"}],"wp:attachment":[{"href":"https:\/\/www.lavras24horas.com.br\/portal\/wp-json\/wp\/v2\/media?parent=185908"}],"wp:term":[{"taxonomy":"category","embeddable":true,"href":"https:\/\/www.lavras24horas.com.br\/portal\/wp-json\/wp\/v2\/categories?post=185908"},{"taxonomy":"post_tag","embeddable":true,"href":"https:\/\/www.lavras24horas.com.br\/portal\/wp-json\/wp\/v2\/tags?post=185908"}],"curies":[{"name":"wp","href":"https:\/\/api.w.org\/{rel}","templated":true}]}}